{"id":5,"date":"2014-12-08T20:04:12","date_gmt":"2014-12-08T22:04:12","guid":{"rendered":"https:\/\/www.sbq.org.br\/regional_riograndesul\/2014\/12\/08\/relatorio-de-atividades-regional-rs-2006-07\/"},"modified":"2014-12-08T20:04:12","modified_gmt":"2014-12-08T22:04:12","slug":"relatorio-de-atividades-regional-rs-2006-07","status":"publish","type":"post","link":"https:\/\/www.sbq.org.br\/riograndesul\/relatorio-de-atividades-regional-rs-2006-07\/","title":{"rendered":"Relat\u00f3rio de atividades Regional RS 2006\/07"},"content":{"rendered":"<p>1.1&mdash; Participa\u00e7\u00e3o nas solenidades do &ldquo;Dia do Qu\u00edmico&rdquo;.<br \/>1.2 &#8211; Participa\u00e7\u00e3o no 26 EDEQ.<br \/>1.3- Participa\u00e7\u00e3o 14 Encontro de Qu\u00edmica Regi\u00e3o Sul EREXIM\/RS<br \/>1.4- Assembl\u00e9ia da Regional RS no 14 Encontro de Qu\u00edmica da Regi\u00e3o Sul-( SBQSul)<br \/>1.5 Palestra para os alunos dos curos de Qu\u00edmica &#8211; 2006<br \/>1.6 Recep\u00e7\u00e3o dos Calouros 2007 .<\/p>\n<p><a href='http:\/\/www.sbq.org.br\/wp-content\/uploads\/sites\/33\/2023\/12\/relat_ativRS_06-07.pdf'>http:\/\/www.sbq.org.br\/wp-content\/uploads\/sites\/33\/2023\/12\/relat_ativRS_06-07.pdf<\/a><\/p>\n","protected":false},"excerpt":{"rendered":"<p>1.1&mdash; Participa\u00e7\u00e3o nas solenidades do &ldquo;Dia do Qu\u00edmico&rdquo;.1.2 &#8211; Participa\u00e7\u00e3o no 26 EDEQ.1.3- Participa\u00e7\u00e3o 14 Encontro de Qu\u00edmica Regi\u00e3o Sul EREXIM\/RS1.4- Assembl\u00e9ia da Regional RS no 14 Encontro de Qu\u00edmica da Regi\u00e3o Sul-( SBQSul)1.5 Palestra para os alunos dos curos de Qu\u00edmica &#8211; 20061.6 Recep\u00e7\u00e3o dos Calouros 2007 . http:\/\/www.sbq.org.br\/wp-content\/uploads\/sites\/33\/2023\/12\/relat_ativRS_06-07.pdf<\/p>\n","protected":false},"author":1,"featured_media":0,"comment_status":"open","ping_status":"open","sticky":false,"template":"","format":"standard","meta":{"footnotes":""},"categories":[2],"tags":[],"gutentor_comment":0,"_links":{"self":[{"href":"https:\/\/www.sbq.org.br\/riograndesul\/wp-json\/wp\/v2\/posts\/5"}],"collection":[{"href":"https:\/\/www.sbq.org.br\/riograndesul\/wp-json\/wp\/v2\/posts"}],"about":[{"href":"https:\/\/www.sbq.org.br\/riograndesul\/wp-json\/wp\/v2\/types\/post"}],"author":[{"embeddable":true,"href":"https:\/\/www.sbq.org.br\/riograndesul\/wp-json\/wp\/v2\/users\/1"}],"replies":[{"embeddable":true,"href":"https:\/\/www.sbq.org.br\/riograndesul\/wp-json\/wp\/v2\/comments?post=5"}],"version-history":[{"count":0,"href":"https:\/\/www.sbq.org.br\/riograndesul\/wp-json\/wp\/v2\/posts\/5\/revisions"}],"wp:attachment":[{"href":"https:\/\/www.sbq.org.br\/riograndesul\/wp-json\/wp\/v2\/media?parent=5"}],"wp:term":[{"taxonomy":"category","embeddable":true,"href":"https:\/\/www.sbq.org.br\/riograndesul\/wp-json\/wp\/v2\/categories?post=5"},{"taxonomy":"post_tag","embeddable":true,"href":"https:\/\/www.sbq.org.br\/riograndesul\/wp-json\/wp\/v2\/tags?post=5"}],"curies":[{"name":"wp","href":"https:\/\/api.w.org\/{rel}","templated":true}]}}