{"id":230,"date":"2022-01-27T15:28:00","date_gmt":"2022-01-27T18:28:00","guid":{"rendered":"https:\/\/www.sbq.org.br\/nucleo-mulheres\/?p=230"},"modified":"2024-01-15T15:30:48","modified_gmt":"2024-01-15T18:30:48","slug":"naomi-kato-simas","status":"publish","type":"post","link":"https:\/\/www.sbq.org.br\/nucleo-mulheres\/naomi-kato-simas\/","title":{"rendered":"Naomi Kato Simas"},"content":{"rendered":"\n<figure class=\"wp-block-image\"><img loading=\"lazy\" decoding=\"async\" width=\"250\" height=\"175\" src=\"http:\/\/www.sbq.org.br\/nucleo-mulheres\/wp-content\/uploads\/sites\/37\/2024\/01\/Naomi-Kato-nucleo.png\" alt=\"\" class=\"wp-image-231\"\/><\/figure>\n\n\n\n<p><em>Conhe\u00e7a a <strong>Naomi Kato Simas<\/strong>, professora e pesquisadora do Departamento de Produto Naturais e Alimentos \u2013 Faculdade de Farm\u00e1cia da Universidade Federal do Rio de Janeiro. Sou filha de agricultores, imigrantes japoneses, nascida em Monte Alegre-Par\u00e1, munic\u00edpio localizado no noroeste do Par\u00e1 \u00e0 margem esquerda do rio Amazonas. Da imers\u00e3o \u00e0 mata amaz\u00f4nica veio a minha paix\u00e3o por produtos naturais e do lamento em ver tanta indisponibilidade de medicamentos naquela regi\u00e3o, veio a minha vontade em cursar farm\u00e1cia. T\u00e3o logo que pude me reconhecer na qu\u00edmica org\u00e2nica, iniciei a minha inicia\u00e7\u00e3o cient\u00edfica em qu\u00edmica de produtos naturais e estou at\u00e9 hoje nesta caminhada, sonhada desde a minha inf\u00e2ncia.<\/em><\/p>\n\n\n\n<p><a href=\"http:\/\/boletim.sbq.org.br\/noticias\/2022\/n3667.php\" target=\"_blank\" rel=\"noreferrer noopener\"><strong><em>Saiba mais<\/em>&#8230;<\/strong><\/a><\/p>\n","protected":false},"excerpt":{"rendered":"<p>Conhe\u00e7a a Naomi Kato Simas, professora e pesquisadora do Departamento de Produto Naturais e Alimentos \u2013 Faculdade de Farm\u00e1cia da Universidade Federal do Rio de Janeiro. Sou filha de agricultores, imigrantes japoneses, nascida em Monte Alegre-Par\u00e1, munic\u00edpio localizado no noroeste do Par\u00e1 \u00e0 margem esquerda do rio Amazonas. Da imers\u00e3o \u00e0 mata amaz\u00f4nica veio a [&hellip;]<\/p>\n","protected":false},"author":1,"featured_media":231,"comment_status":"closed","ping_status":"closed","sticky":false,"template":"","format":"standard","meta":{"footnotes":""},"categories":[5],"tags":[],"gutentor_comment":0,"_links":{"self":[{"href":"https:\/\/www.sbq.org.br\/nucleo-mulheres\/wp-json\/wp\/v2\/posts\/230"}],"collection":[{"href":"https:\/\/www.sbq.org.br\/nucleo-mulheres\/wp-json\/wp\/v2\/posts"}],"about":[{"href":"https:\/\/www.sbq.org.br\/nucleo-mulheres\/wp-json\/wp\/v2\/types\/post"}],"author":[{"embeddable":true,"href":"https:\/\/www.sbq.org.br\/nucleo-mulheres\/wp-json\/wp\/v2\/users\/1"}],"replies":[{"embeddable":true,"href":"https:\/\/www.sbq.org.br\/nucleo-mulheres\/wp-json\/wp\/v2\/comments?post=230"}],"version-history":[{"count":1,"href":"https:\/\/www.sbq.org.br\/nucleo-mulheres\/wp-json\/wp\/v2\/posts\/230\/revisions"}],"predecessor-version":[{"id":232,"href":"https:\/\/www.sbq.org.br\/nucleo-mulheres\/wp-json\/wp\/v2\/posts\/230\/revisions\/232"}],"wp:featuredmedia":[{"embeddable":true,"href":"https:\/\/www.sbq.org.br\/nucleo-mulheres\/wp-json\/wp\/v2\/media\/231"}],"wp:attachment":[{"href":"https:\/\/www.sbq.org.br\/nucleo-mulheres\/wp-json\/wp\/v2\/media?parent=230"}],"wp:term":[{"taxonomy":"category","embeddable":true,"href":"https:\/\/www.sbq.org.br\/nucleo-mulheres\/wp-json\/wp\/v2\/categories?post=230"},{"taxonomy":"post_tag","embeddable":true,"href":"https:\/\/www.sbq.org.br\/nucleo-mulheres\/wp-json\/wp\/v2\/tags?post=230"}],"curies":[{"name":"wp","href":"https:\/\/api.w.org\/{rel}","templated":true}]}}