{"id":5,"date":"2014-12-08T17:40:19","date_gmt":"2014-12-08T19:40:19","guid":{"rendered":"https:\/\/www.sbq.org.br\/regional_minasgerais\/2014\/12\/08\/premio-destaque-em-pesquisa\/"},"modified":"2024-08-20T09:55:55","modified_gmt":"2024-08-20T12:55:55","slug":"premio-destaque-em-pesquisa","status":"publish","type":"post","link":"https:\/\/www.sbq.org.br\/minasgerais\/premio-destaque-em-pesquisa\/","title":{"rendered":"Pr\u00eamio Destaque em Pesquisa"},"content":{"rendered":"<p>A Diretoria da Secretaria Regional de Minas Gerais da Sociedade Brasileira de Qu\u00edmica, conforme aprovado em Assembl\u00e9ia da SBQ-MG em 28\/05\/2013, vem tornar p\u00fablico o Pr\u00eamio Destaque em Pesquisa SBQ-MG , edi\u00e7\u00e3o 2013. O edital encontra-se na aba <a href=\"https:\/\/www.sbq.org.br\/minasgerais\/premio-destaque-sbq-mg\/\">&#8220;Pr\u00eamio Destaque em Pesquisa&#8221;<\/a>.<\/p>\n","protected":false},"excerpt":{"rendered":"<p>A Diretoria da Secretaria Regional de Minas Gerais da Sociedade Brasileira de Qu\u00edmica, conforme aprovado em Assembl\u00e9ia da SBQ-MG em 28\/05\/2013, vem tornar p\u00fablico o Pr\u00eamio Destaque em Pesquisa SBQ-MG , edi\u00e7\u00e3o 2013. O edital encontra-se na aba &#8220;Pr\u00eamio Destaque em Pesquisa&#8221;.<\/p>\n","protected":false},"author":1,"featured_media":0,"comment_status":"open","ping_status":"open","sticky":false,"template":"","format":"standard","meta":{"footnotes":""},"categories":[2],"tags":[],"gutentor_comment":0,"_links":{"self":[{"href":"https:\/\/www.sbq.org.br\/minasgerais\/wp-json\/wp\/v2\/posts\/5"}],"collection":[{"href":"https:\/\/www.sbq.org.br\/minasgerais\/wp-json\/wp\/v2\/posts"}],"about":[{"href":"https:\/\/www.sbq.org.br\/minasgerais\/wp-json\/wp\/v2\/types\/post"}],"author":[{"embeddable":true,"href":"https:\/\/www.sbq.org.br\/minasgerais\/wp-json\/wp\/v2\/users\/1"}],"replies":[{"embeddable":true,"href":"https:\/\/www.sbq.org.br\/minasgerais\/wp-json\/wp\/v2\/comments?post=5"}],"version-history":[{"count":1,"href":"https:\/\/www.sbq.org.br\/minasgerais\/wp-json\/wp\/v2\/posts\/5\/revisions"}],"predecessor-version":[{"id":252,"href":"https:\/\/www.sbq.org.br\/minasgerais\/wp-json\/wp\/v2\/posts\/5\/revisions\/252"}],"wp:attachment":[{"href":"https:\/\/www.sbq.org.br\/minasgerais\/wp-json\/wp\/v2\/media?parent=5"}],"wp:term":[{"taxonomy":"category","embeddable":true,"href":"https:\/\/www.sbq.org.br\/minasgerais\/wp-json\/wp\/v2\/categories?post=5"},{"taxonomy":"post_tag","embeddable":true,"href":"https:\/\/www.sbq.org.br\/minasgerais\/wp-json\/wp\/v2\/tags?post=5"}],"curies":[{"name":"wp","href":"https:\/\/api.w.org\/{rel}","templated":true}]}}