{"id":10,"date":"2021-02-22T03:55:50","date_gmt":"2021-02-22T06:55:50","guid":{"rendered":"https:\/\/www.sbq.org.br\/regional_interior\/2021\/02\/22\/programacao-completa-1o-semestre-2021-de-webinars-debate-da-secretaria-regional-da-sbq-interior-paulista-waldemar-safiotti\/"},"modified":"2024-08-19T16:49:43","modified_gmt":"2024-08-19T19:49:43","slug":"programacao-completa-1o-semestre-2021-de-webinars-debate-da-secretaria-regional-da-sbq-interior-paulista-waldemar-safiotti","status":"publish","type":"post","link":"https:\/\/www.sbq.org.br\/interiorpaulista\/programacao-completa-1o-semestre-2021-de-webinars-debate-da-secretaria-regional-da-sbq-interior-paulista-waldemar-safiotti\/","title":{"rendered":"Programa\u00e7\u00e3o completa 1o semestre 2021 de webinars-debate da Secretaria Regional da SBQ Interior Paulista Waldemar Safiotti"},"content":{"rendered":"<p><strong>Confira a seguir a programa\u00e7\u00e3o completa dos Webinars da Secretaria Regional IPWS do primeiro semestre de 2021.<\/strong><\/p>\n<p>No dia\u00a0<strong>24 de fevereiro \u00e0s 14:00 h<\/strong>\u00a0o\u00a0<strong>Professor Paulo Cezar Vieira<\/strong>\u00a0(FCFRP-USP) e o <strong>Professor Sidney Ribeiro<\/strong> (IQ-UNESP-Araraquara) participar\u00e3o do webinar-debate &#8220;<b>Interdisciplinaridade em Qu\u00edmica no Brasil<\/b>&#8220;.\u00a0Inscreva-se antecipadamente no link\u00a0<a href=\"https:\/\/us02web.zoom.us\/webinar\/register\/WN_5IdPcFrWTaGhnhDMdcAS5Q\">https:\/\/us02web.zoom.us\/webinar\/register\/WN_5IdPcFrWTaGhnhDMdcAS5Q<\/a>.<\/p>\n<p>No dia\u00a0<strong>3 de mar\u00e7o \u00e0s 14:00 h<\/strong>\u00a0o\u00a0<strong>Professor Luiz Eug\u00eanio Melo<\/strong>\u00a0(Diretor Cient\u00edfico da FAPESP) e o <strong>Professor Marcelo Knobel<\/strong> (reitor da UNICAMP) participar\u00e7\u00e3o do webinar-debate &#8220;<strong>Quantidade X qualidade da produ\u00e7\u00e3o cient\u00edfica em debate<\/strong>&#8220;.\u00a0Inscreva-se antecipadamente no link\u00a0<a href=\"https:\/\/us02web.zoom.us\/webinar\/register\/WN_yuI6b4sXQDqaBWZtWbS5jQ\">https:\/\/us02web.zoom.us\/webinar\/register\/WN_yuI6b4sXQDqaBWZtWbS5jQ<\/a>.<\/p>\n<p>No dia\u00a010 de mar\u00e7o \u00e0s 14:00 h\u00a0a\u00a0Professora Susana de C\u00f3rdoba Torresi\u00a0(IQ-USP) e o Professor Watson Loh (IQ-UNICAMP) participar\u00e3o do webinar-debate &#8220;Perspectivas para o desenvolvimento da F\u00edsco-Qu\u00edmica no Brasil&#8221;, que ter\u00e1 como mediador o Professor Hamilton Varela (IQSC-USP). Inscreva-se antecipadamente no link\u00a0<a href=\"https:\/\/us02web.zoom.us\/webinar\/register\/WN_dijQwh8oQt-DnP8IBoyP6A\">https:\/\/us02web.zoom.us\/webinar\/register\/WN_dijQwh8oQt-DnP8IBoyP6A<\/a>.<\/p>\n<p>No dia\u00a017 de mar\u00e7o \u00e0s 14:00 h\u00a0a\u00a0Dra. Gabriela Barreiro\u00a0(Eurofarma) e o\u00a0Professor Am\u00e9rico Martins Craveiro\u00a0(FAPESP) participar\u00e3o do webinar-debate &#8220;Desafios na intera\u00e7\u00e3o entre empresas e universidades&#8221;,\u00a0que ter\u00e1 como mediadora a\u00a0Professora Fabiola M. V. Pereira\u00a0(IQ-UNESP-Araraquara).\u00a0Inscreva-se antecipadamente no link\u00a0<a href=\"https:\/\/us02web.zoom.us\/webinar\/register\/WN_viBYuss_QaaaX19tkomFOg\">https:\/\/us02web.zoom.us\/webinar\/register\/WN_viBYuss_QaaaX19tkomFOg<\/a>.<\/p>\n<p>No dia\u00a07 de abril \u00e0s 14:00 h\u00a0a\u00a0Professora Marcia Foster Mesko\u00a0(Universidade Federal de Pelotas) e o\u00a0Professor Marco Aur\u00e9lio Zezzi Arruda\u00a0(IQ-UNICAMP) participar\u00e3o do webinar-debate &#8220;Perspectivas para o Desenvolvimento da Qu\u00edmica Anal\u00edtica no Brasil&#8221;,\u00a0que ter\u00e1 como mediadora a\u00a0Professora Fabiola M. V. Pereira\u00a0(IQ-UNESP-Araraquara).\u00a0Inscreva-se antecipadamente no link\u00a0<a href=\"https:\/\/us02web.zoom.us\/webinar\/register\/WN_csKzd7xFSS2pq6by8OncPQ.\">https:\/\/us02web.zoom.us\/webinar\/register\/WN_csKzd7xFSS2pq6by8OncPQ.<\/a><\/p>\n<p>No dia\u00a014 de abril \u00e0s 14:00 h\u00a0a\u00a0Professora Heloisa Beraldo\u00a0(ICEx-UFMG) e o\u00a0Professor Jean Marcel Ribeiro Gallo\u00a0(DQ-UFSCar) participar\u00e3o do webinar-debate &#8220;Perspectivas para o desenvolvimento da qu\u00edmica inorg\u00e2nica no Brasil&#8221;,\u00a0que ter\u00e1 como mediador o\u00a0Professor Victor Deflon\u00a0(IQSC-USP).\u00a0Inscreva-se antecipadamente no link\u00a0<a href=\"https:\/\/us02web.zoom.us\/webinar\/register\/WN_CU8FZHAJQKKDN8mYgXfwXg\">https:\/\/us02web.zoom.us\/webinar\/register\/WN_CU8FZHAJQKKDN8mYgXfwXg<\/a>.<\/p>\n<p>No dia\u00a028 de abril \u00e0s 14:00 h\u00a0a\u00a0Professora Shirley Nakagaki\u00a0(DQ-UFPR) e o\u00a0Professor Luiz Gonzaga de Fran\u00e7a Lopes\u00a0(DQOI-UFC) participar\u00e3o do webinar-debate &#8220;A qu\u00edmica brasileira fora do eixo sudeste&#8221;. Inscreva-se antecipadamente no link\u00a0<a href=\"https:\/\/us02web.zoom.us\/webinar\/register\/WN_PL5bDb0YS4acFOtrJJpcxA\">https:\/\/us02web.zoom.us\/webinar\/register\/WN_PL5bDb0YS4acFOtrJJpcxA<\/a>.<\/p>\n<p>No dia\u00a012 de maio \u00e0s 14:00 h\u00a0o\u00a0Professor Ant\u00f4nio Luiz Braga\u00a0(DQ-UFSC) e o\u00a0Professor Carlos Roque Duarte Correia\u00a0(IQ-UNICAMP) participar\u00e3o do webinar-debate &#8220;Perspectivas para o desenvolvimento da qu\u00edmica org\u00e2nica no Brasil&#8221;,\u00a0que ter\u00e1 como mediador o\u00a0Professor Antonio Carlos B. Burtoloso\u00a0(IQSC-USP).\u00a0Inscreva-se antecipadamente no link\u00a0<a href=\"https:\/\/us02web.zoom.us\/webinar\/register\/WN_53anQ_OWQEePNyCt_L7MbA\">https:\/\/us02web.zoom.us\/webinar\/register\/WN_53anQ_OWQEePNyCt_L7MbA<\/a>.<\/p>\n","protected":false},"excerpt":{"rendered":"<p>Confira a seguir a programa\u00e7\u00e3o completa dos Webinars da Secretaria Regional IPWS do primeiro semestre de 2021. No dia\u00a024 de fevereiro \u00e0s 14:00 h\u00a0o\u00a0Professor Paulo Cezar Vieira\u00a0(FCFRP-USP) e o Professor Sidney Ribeiro (IQ-UNESP-Araraquara) participar\u00e3o do webinar-debate &#8220;Interdisciplinaridade em Qu\u00edmica no Brasil&#8220;.\u00a0Inscreva-se antecipadamente no link\u00a0https:\/\/us02web.zoom.us\/webinar\/register\/WN_5IdPcFrWTaGhnhDMdcAS5Q. No dia\u00a03 de mar\u00e7o \u00e0s 14:00 h\u00a0o\u00a0Professor Luiz Eug\u00eanio Melo\u00a0(Diretor Cient\u00edfico [&hellip;]<\/p>\n","protected":false},"author":1,"featured_media":24,"comment_status":"open","ping_status":"open","sticky":false,"template":"","format":"standard","meta":{"footnotes":""},"categories":[3],"tags":[],"gutentor_comment":0,"_links":{"self":[{"href":"https:\/\/www.sbq.org.br\/interiorpaulista\/wp-json\/wp\/v2\/posts\/10"}],"collection":[{"href":"https:\/\/www.sbq.org.br\/interiorpaulista\/wp-json\/wp\/v2\/posts"}],"about":[{"href":"https:\/\/www.sbq.org.br\/interiorpaulista\/wp-json\/wp\/v2\/types\/post"}],"author":[{"embeddable":true,"href":"https:\/\/www.sbq.org.br\/interiorpaulista\/wp-json\/wp\/v2\/users\/1"}],"replies":[{"embeddable":true,"href":"https:\/\/www.sbq.org.br\/interiorpaulista\/wp-json\/wp\/v2\/comments?post=10"}],"version-history":[{"count":3,"href":"https:\/\/www.sbq.org.br\/interiorpaulista\/wp-json\/wp\/v2\/posts\/10\/revisions"}],"predecessor-version":[{"id":128,"href":"https:\/\/www.sbq.org.br\/interiorpaulista\/wp-json\/wp\/v2\/posts\/10\/revisions\/128"}],"wp:featuredmedia":[{"embeddable":true,"href":"https:\/\/www.sbq.org.br\/interiorpaulista\/wp-json\/wp\/v2\/media\/24"}],"wp:attachment":[{"href":"https:\/\/www.sbq.org.br\/interiorpaulista\/wp-json\/wp\/v2\/media?parent=10"}],"wp:term":[{"taxonomy":"category","embeddable":true,"href":"https:\/\/www.sbq.org.br\/interiorpaulista\/wp-json\/wp\/v2\/categories?post=10"},{"taxonomy":"post_tag","embeddable":true,"href":"https:\/\/www.sbq.org.br\/interiorpaulista\/wp-json\/wp\/v2\/tags?post=10"}],"curies":[{"name":"wp","href":"https:\/\/api.w.org\/{rel}","templated":true}]}}