{"id":47,"date":"2023-09-18T10:15:00","date_gmt":"2023-09-18T13:15:00","guid":{"rendered":"https:\/\/www.sbq.org.br\/ensino\/?p=47"},"modified":"2024-01-18T10:25:57","modified_gmt":"2024-01-18T13:25:57","slug":"sobre-o-premio","status":"publish","type":"post","link":"https:\/\/www.sbq.org.br\/ensino\/sobre-o-premio\/","title":{"rendered":"Sobre o Pr\u00eamio"},"content":{"rendered":"\n<figure class=\"wp-block-image\"><img loading=\"lazy\" decoding=\"async\" width=\"250\" height=\"173\" src=\"http:\/\/www.sbq.org.br\/ensino\/wp-content\/uploads\/sites\/7\/2024\/01\/premio_modelo.png\" alt=\"\" class=\"wp-image-48\"\/><\/figure>\n\n\n\n<p>O Pr\u00eamio &#8220;Roseli Schnetzler &#8211; Maria Eunice Marcondes&#8221; de Ensino de Qu\u00edmica \u00e9 uma premia\u00e7\u00e3o institu\u00eddo e criado pela Divis\u00e3o de Ensino em junho de 2022, sendo aprovado pela Diretoria e Conselho consultivo da SBQ em setembro de 2022, tendo a primeira premia\u00e7\u00e3o na 46\u00aa RA da SBQ em 2023.<\/p>\n\n\n\n<p><strong>Breve hist\u00f3rico<\/strong>: Na Assembleia da Divis\u00e3o de Ensino realizada no dia 02 de junho de 2022, durante a 45\u00aa Reuni\u00e3o Anual da Sociedade Brasileira de Qu\u00edmica (RASBQ) em Macei\u00f3\/AL, a Diretoria a ser empossada na Gest\u00e3o 2022-2024 apresentou a proposta de cria\u00e7\u00e3o de um pr\u00eamio de Ensino de Qu\u00edmica a ser entregue pela Divis\u00e3o de Ensino da SBQ. Assim que esta Gest\u00e3o tomou posse, foram iniciados os trabalhos para os devidos encaminhamentos quanto a institucionaliza\u00e7\u00e3o do pr\u00eamio, no \u00e2mbito da Sociedade Brasileira de Qu\u00edmica. A Minuta do Pr\u00eamio foi redigida e enviada para aprecia\u00e7\u00e3o e aprova\u00e7\u00e3o da Diretoria e Conselho Consultivo da SBQ. Assim, em setembro de 2022, a Divis\u00e3o de Ensino obteve a aprova\u00e7\u00e3o da Minuta do Pr\u00eamio de Ensino, cujo texto trazia que a premia\u00e7\u00e3o ocorreria na Reuni\u00e3o Anual da SBQ.<\/p>\n\n\n\n<p><strong>INSTITUI\u00c7\u00c3O E REGULAMENTO DA PREMIA\u00c7\u00c3O \u200b<\/strong><\/p>\n\n\n\n<p>A Divis\u00e3o de Ensino da Sociedade Brasileira de Qu\u00edmica, no uso de suas atribui\u00e7\u00f5es, \u200bDECIDEM: \u200b<\/p>\n\n\n\n<p>Art. 1\u00ba Fica institu\u00eddo o <strong>Pr\u00eamio &#8220;Roseli Schnetzler &#8211; Maria Eunice Marcondes&#8221; de Ensino de Qu\u00edmica<\/strong>&nbsp;a ser conferido a pesquisadoras\/es que tiveram contribui\u00e7\u00e3o expressiva para a consolida\u00e7\u00e3o e\/ou desenvolvimento da \u00e1rea de Ensino de Qu\u00edmica no Brasil.<\/p>\n\n\n\n<p>Par\u00e1grafo \u00fanico \u2013 A outorga do pr\u00eamio poder\u00e1 ser concedida a pesquisadores\/as em exerc\u00edcio, aposentadas\/os ou <em>in memoriam<\/em>.<\/p>\n\n\n\n<p>\u200bArt. 2\u00ba O Pr\u00eamio consistir\u00e1 em diploma estilizado, constando em uma face o nome e logotipo da SBQ, o nome do Pr\u00eamio, o ano da premia\u00e7\u00e3o e o nome do\/a premiado\/a. \u200b<\/p>\n\n\n\n<p>Art. 3\u00ba A outorga do pr\u00eamio ser\u00e1 feita durante as Reuni\u00f5es Anuais da Sociedade Brasileira de Qu\u00edmica. \u200b<\/p>\n\n\n\n<p>Art. 4\u00ba A indica\u00e7\u00e3o para a outorga do Pr\u00eamio ser\u00e1 feita pela Divis\u00e3o de Ensino, com o aval da Diretoria e Conselho Consultivo da SBQ. \u200b<\/p>\n\n\n\n<p>\u00a7 1\u00ba As indica\u00e7\u00f5es dever\u00e3o ser \u00fanicas e devidamente justificadas.<\/p>\n\n\n\n<p>\u200b\u00a7 2\u00ba Os\/As Diretores\/as da Divis\u00e3o de Ensino, da Diretoria e do Conselho Consultivo da SBQ n\u00e3o ser\u00e3o eleg\u00edveis \u00e0 distin\u00e7\u00e3o enquanto estiverem no exerc\u00edcio de suas fun\u00e7\u00f5es.<\/p>\n\n\n\n<p>\u200b\u00a7 3o O Pr\u00eamio ser\u00e1 outorgado anualmente.<\/p>\n","protected":false},"excerpt":{"rendered":"<p>O Pr\u00eamio &#8220;Roseli Schnetzler &#8211; Maria Eunice Marcondes&#8221; de Ensino de Qu\u00edmica \u00e9 uma premia\u00e7\u00e3o institu\u00eddo e criado pela Divis\u00e3o de Ensino em junho de 2022, sendo aprovado pela Diretoria e Conselho consultivo da SBQ em setembro de 2022, tendo a primeira premia\u00e7\u00e3o na 46\u00aa RA da SBQ em 2023. Breve hist\u00f3rico: Na Assembleia da [&hellip;]<\/p>\n","protected":false},"author":1,"featured_media":48,"comment_status":"closed","ping_status":"closed","sticky":false,"template":"","format":"standard","meta":{"footnotes":""},"categories":[8],"tags":[],"gutentor_comment":0,"_links":{"self":[{"href":"https:\/\/www.sbq.org.br\/ensino\/wp-json\/wp\/v2\/posts\/47"}],"collection":[{"href":"https:\/\/www.sbq.org.br\/ensino\/wp-json\/wp\/v2\/posts"}],"about":[{"href":"https:\/\/www.sbq.org.br\/ensino\/wp-json\/wp\/v2\/types\/post"}],"author":[{"embeddable":true,"href":"https:\/\/www.sbq.org.br\/ensino\/wp-json\/wp\/v2\/users\/1"}],"replies":[{"embeddable":true,"href":"https:\/\/www.sbq.org.br\/ensino\/wp-json\/wp\/v2\/comments?post=47"}],"version-history":[{"count":1,"href":"https:\/\/www.sbq.org.br\/ensino\/wp-json\/wp\/v2\/posts\/47\/revisions"}],"predecessor-version":[{"id":49,"href":"https:\/\/www.sbq.org.br\/ensino\/wp-json\/wp\/v2\/posts\/47\/revisions\/49"}],"wp:featuredmedia":[{"embeddable":true,"href":"https:\/\/www.sbq.org.br\/ensino\/wp-json\/wp\/v2\/media\/48"}],"wp:attachment":[{"href":"https:\/\/www.sbq.org.br\/ensino\/wp-json\/wp\/v2\/media?parent=47"}],"wp:term":[{"taxonomy":"category","embeddable":true,"href":"https:\/\/www.sbq.org.br\/ensino\/wp-json\/wp\/v2\/categories?post=47"},{"taxonomy":"post_tag","embeddable":true,"href":"https:\/\/www.sbq.org.br\/ensino\/wp-json\/wp\/v2\/tags?post=47"}],"curies":[{"name":"wp","href":"https:\/\/api.w.org\/{rel}","templated":true}]}}